{"id":2743,"date":"2018-06-29T00:13:59","date_gmt":"2018-06-28T22:13:59","guid":{"rendered":"http:\/\/www.tenciernypes.com\/?p=2743"},"modified":"2022-01-19T23:10:38","modified_gmt":"2022-01-19T22:10:38","slug":"tatra-nezna-bratra","status":"publish","type":"post","link":"https:\/\/www.znamkyzkoze.sk\/en\/tatra-nezna-bratra\/","title":{"rendered":"Tatra nezn\u00e1 bratra"},"content":{"rendered":"<figure class=\"wp-block-image size-large\"><img decoding=\"async\" data-expand=\"600\" src=\"data:image\/svg+xml;charset=utf-8,%3Csvg xmlns%3D'http%3A%2F%2Fwww.w3.org%2F2000%2Fsvg' viewBox%3D'0 0 1 1'%2F%3E\" data-src=\"https:\/\/www.znamkyzkoze.sk\/wp-content\/uploads\/2018\/06\/P1110650-scaled-1-1024x769.jpg\" alt=\"tatrovka\" class=\"lazyload wp-image-2744\"\/><\/figure><p>Toto je u\u017e vrchol. V\u00f4bec sa mi to nep\u00e1\u010di. Neolizujju je sotva vy\u0161\u0161ia ako k\u00fdbel a u\u017e v\u0161etk\u00fdch komanduje ako mar\u0161\u00e1l \u017dukov pri Stalingrade. A nepotrebuje k tomu ani ovl\u00e1da\u0165 \u013eudsk\u00fa re\u010d. Sta\u010d\u00ed jej natiahnu\u0165 ruku a urobi\u0165 &#8222;\u00e9\u00e9\u00e9\u00e9\u00e9\u00e9\u00e9\u00e9\u00e9&#8220; a m\u00e1 \u010do chce.&nbsp; Ke\u010f to nezaberie urob\u00ed &#8222;\u00ed\u00ed\u00ed\u00ed\u00ed\u00ed\u00ed\u00ed&#8220; a t\u00ed dvaja u\u017e kmitaj\u00fa. Mne by to teda mohlo by\u0165 jedno lebo so mnou nepohne, ale bohu\u017eia\u013e u n\u00e1s funguje takzvan\u00e1 postupnos\u0165 velenia, t\u00e9zetv\u00e9 \u010dejnofkom\u00e1nd. Navrchole je jej cis\u00e1rska v\u00fdsos\u0165 Neolizujju prv\u00e1, potom nasleduj\u00fa Ten\u010dofurtbeh\u00e1 s Tou\u010dofurtpe\u010die, potom dlho dlho ni\u010d a potom ja (rybi\u010dky ner\u00e1tam, tie si \u017eij\u00fa v svojej anarchistickej bubline svojho akvarka).<\/p><p>Naposledy u Dobr\u00fdch\u013eud\u00ed Neolizujju uvidela tatrovku po \u013eudskom \u0161teniatku brata Toho\u010dofurtbeh\u00e1 a u\u017e bolo vyma\u013eovan\u00e9. Viete tak\u00fa, v akej sa vozili skoro v\u0161etky Hus\u00e1kove deti, akur\u00e1t nie v socialistickej oran\u017eovej ale kapitalistickej modro\u010dervenej (t\u00e1 oran\u017eov\u00e1 vraj nepre\u017eila Toho\u010dofurtbeh\u00e1 hoci to vraj bola nezni\u010dite\u013en\u00e1 hra\u010dka). &#8222;\u00c9\u00e9\u00e9\u00e9\u00e9\u00e9,&#8220; uk\u00e1zala na korbu a vz\u00e1p\u00e4t\u00ed na m\u0148a. T\u010cFB musel kona\u0165. Ani neviem ako a u\u017e som tam sedela. Zrazu som bola n\u00e1klad. \u010co som ja nejak\u00fd \u0161trk, koks alebo gu\u013eatina? A aby toho nebolo m\u00e1lo, Neolizujju ma potom sk\u00fa\u0161ala \u0165aha\u0165 za \u0161n\u00farku ako svoju dreven\u00fa ka\u010di\u010dku. Ne\u0161lo to, a tak hne\u010f nasledovalo &#8222;\u00ed\u00ed\u00ed\u00ed\u00ed\u00ed&#8220; a T\u010cFB ma musel tla\u010di\u0165. Tot\u00e1lne poni\u017euj\u00face. Ale tak na druhej strane som sa aspo\u0148 viezla, no nie?<\/p>","protected":false},"excerpt":{"rendered":"<p>Toto je u\u017e vrchol. V\u00f4bec sa mi to nep\u00e1\u010di. Neolizujju je sotva vy\u0161\u0161ia ako k\u00fdbel a u\u017e v\u0161etk\u00fdch komanduje ako mar\u0161\u00e1l \u017dukov pri Stalingrade. A nepotrebuje k tomu ani ovl\u00e1da\u0165 \u013eudsk\u00fa re\u010d. Sta\u010d\u00ed jej natiahnu\u0165 ruku a urobi\u0165 &#8222;\u00e9\u00e9\u00e9\u00e9\u00e9\u00e9\u00e9\u00e9\u00e9&#8220; a m\u00e1 \u010do chce.&nbsp; Ke\u010f to nezaberie urob\u00ed &#8222;\u00ed\u00ed\u00ed\u00ed\u00ed\u00ed\u00ed\u00ed&#8220; a t\u00ed dvaja u\u017e kmitaj\u00fa. Mne by [&hellip;] <a class=\"g1-link g1-link-more\" href=\"https:\/\/www.znamkyzkoze.sk\/en\/tatra-nezna-bratra\/\">More<\/a><\/p>","protected":false},"author":1,"featured_media":2744,"comment_status":"closed","ping_status":"open","sticky":false,"template":"","format":"standard","meta":{"_jetpack_memberships_contains_paid_content":false,"footnotes":""},"categories":[18],"tags":[134],"reaction":[],"adace-sponsor":[],"class_list":{"0":"post-2743","1":"post","2":"type-post","3":"status-publish","4":"format-standard","5":"has-post-thumbnail","7":"category-blog","8":"tag-tatra"},"yoast_head":"<!-- This site is optimized with the Yoast SEO plugin v25.2 - https:\/\/yoast.com\/wordpress\/plugins\/seo\/ -->\n<title>Psie zn\u00e1mky z ko\u017ee-Tatra nezn\u00e1 bratra<\/title>\n<meta name=\"robots\" content=\"index, follow, max-snippet:-1, max-image-preview:large, max-video-preview:-1\" \/>\n<link rel=\"canonical\" href=\"https:\/\/www.znamkyzkoze.sk\/en\/tatra-nezna-bratra\/\" \/>\n<meta property=\"og:locale\" content=\"en_GB\" \/>\n<meta property=\"og:type\" content=\"article\" \/>\n<meta property=\"og:title\" content=\"Psie zn\u00e1mky z ko\u017ee-Tatra nezn\u00e1 bratra\" \/>\n<meta property=\"og:description\" content=\"Toto je u\u017e vrchol. V\u00f4bec sa mi to nep\u00e1\u010di. Neolizujju je sotva vy\u0161\u0161ia ako k\u00fdbel a u\u017e v\u0161etk\u00fdch komanduje ako mar\u0161\u00e1l \u017dukov pri Stalingrade. A nepotrebuje k tomu ani ovl\u00e1da\u0165 \u013eudsk\u00fa re\u010d. Sta\u010d\u00ed jej natiahnu\u0165 ruku a urobi\u0165 &#8222;\u00e9\u00e9\u00e9\u00e9\u00e9\u00e9\u00e9\u00e9\u00e9&#8220; a m\u00e1 \u010do chce.&nbsp; Ke\u010f to nezaberie urob\u00ed &#8222;\u00ed\u00ed\u00ed\u00ed\u00ed\u00ed\u00ed\u00ed&#8220; a t\u00ed dvaja u\u017e kmitaj\u00fa. Mne by [&hellip;] More\" \/>\n<meta property=\"og:url\" content=\"https:\/\/www.znamkyzkoze.sk\/en\/tatra-nezna-bratra\/\" \/>\n<meta property=\"og:site_name\" content=\"Psie zn\u00e1mky z ko\u017ee\" \/>\n<meta property=\"article:publisher\" content=\"https:\/\/www.facebook.com\/tenciernypes\/\" \/>\n<meta property=\"article:author\" content=\"https:\/\/www.facebook.com\/tenciernypes\/\" \/>\n<meta property=\"article:published_time\" content=\"2018-06-28T22:13:59+00:00\" \/>\n<meta property=\"article:modified_time\" content=\"2022-01-19T22:10:38+00:00\" \/>\n<meta property=\"og:image\" content=\"https:\/\/www.znamkyzkoze.sk\/wp-content\/uploads\/2018\/06\/P1110650-scaled-1.jpg\" \/>\n\t<meta property=\"og:image:width\" content=\"2560\" \/>\n\t<meta property=\"og:image:height\" content=\"1922\" \/>\n\t<meta property=\"og:image:type\" content=\"image\/jpeg\" \/>\n<meta name=\"author\" content=\"Ten \u010cierny Pes\" \/>\n<meta name=\"twitter:card\" content=\"summary_large_image\" \/>\n<meta name=\"twitter:label1\" content=\"Written by\" \/>\n\t<meta name=\"twitter:data1\" content=\"Ten \u010cierny Pes\" \/>\n\t<meta name=\"twitter:label2\" content=\"Estimated reading time\" \/>\n\t<meta name=\"twitter:data2\" content=\"1 minute\" \/>\n<script type=\"application\/ld+json\" class=\"yoast-schema-graph\">{\"@context\":\"https:\/\/schema.org\",\"@graph\":[{\"@type\":\"Article\",\"@id\":\"https:\/\/www.znamkyzkoze.sk\/tatra-nezna-bratra\/#article\",\"isPartOf\":{\"@id\":\"https:\/\/www.znamkyzkoze.sk\/tatra-nezna-bratra\/\"},\"author\":{\"name\":\"Ten \u010cierny Pes\",\"@id\":\"https:\/\/www.znamkyzkoze.sk\/#\/schema\/person\/ee01a72780f67ce76a73f7031d2cb5f9\"},\"headline\":\"Tatra nezn\u00e1 bratra\",\"datePublished\":\"2018-06-28T22:13:59+00:00\",\"dateModified\":\"2022-01-19T22:10:38+00:00\",\"mainEntityOfPage\":{\"@id\":\"https:\/\/www.znamkyzkoze.sk\/tatra-nezna-bratra\/\"},\"wordCount\":272,\"publisher\":{\"@id\":\"https:\/\/www.znamkyzkoze.sk\/#\/schema\/person\/ee01a72780f67ce76a73f7031d2cb5f9\"},\"image\":{\"@id\":\"https:\/\/www.znamkyzkoze.sk\/tatra-nezna-bratra\/#primaryimage\"},\"thumbnailUrl\":\"https:\/\/www.znamkyzkoze.sk\/wp-content\/uploads\/2018\/06\/P1110650-scaled-1.jpg\",\"keywords\":[\"Tatra\"],\"articleSection\":[\"Blog\"],\"inLanguage\":\"en-GB\"},{\"@type\":\"WebPage\",\"@id\":\"https:\/\/www.znamkyzkoze.sk\/tatra-nezna-bratra\/\",\"url\":\"https:\/\/www.znamkyzkoze.sk\/tatra-nezna-bratra\/\",\"name\":\"Psie zn\u00e1mky z ko\u017ee-Tatra nezn\u00e1 bratra\",\"isPartOf\":{\"@id\":\"https:\/\/www.znamkyzkoze.sk\/#website\"},\"primaryImageOfPage\":{\"@id\":\"https:\/\/www.znamkyzkoze.sk\/tatra-nezna-bratra\/#primaryimage\"},\"image\":{\"@id\":\"https:\/\/www.znamkyzkoze.sk\/tatra-nezna-bratra\/#primaryimage\"},\"thumbnailUrl\":\"https:\/\/www.znamkyzkoze.sk\/wp-content\/uploads\/2018\/06\/P1110650-scaled-1.jpg\",\"datePublished\":\"2018-06-28T22:13:59+00:00\",\"dateModified\":\"2022-01-19T22:10:38+00:00\",\"breadcrumb\":{\"@id\":\"https:\/\/www.znamkyzkoze.sk\/tatra-nezna-bratra\/#breadcrumb\"},\"inLanguage\":\"en-GB\",\"potentialAction\":[{\"@type\":\"ReadAction\",\"target\":[\"https:\/\/www.znamkyzkoze.sk\/tatra-nezna-bratra\/\"]}]},{\"@type\":\"ImageObject\",\"inLanguage\":\"en-GB\",\"@id\":\"https:\/\/www.znamkyzkoze.sk\/tatra-nezna-bratra\/#primaryimage\",\"url\":\"https:\/\/www.znamkyzkoze.sk\/wp-content\/uploads\/2018\/06\/P1110650-scaled-1.jpg\",\"contentUrl\":\"https:\/\/www.znamkyzkoze.sk\/wp-content\/uploads\/2018\/06\/P1110650-scaled-1.jpg\",\"width\":2560,\"height\":1922,\"caption\":\"tatrovka\"},{\"@type\":\"BreadcrumbList\",\"@id\":\"https:\/\/www.znamkyzkoze.sk\/tatra-nezna-bratra\/#breadcrumb\",\"itemListElement\":[{\"@type\":\"ListItem\",\"position\":1,\"name\":\"Domovsk\u00e1 str\u00e1nka\",\"item\":\"https:\/\/www.znamkyzkoze.sk\/\"},{\"@type\":\"ListItem\",\"position\":2,\"name\":\"Tatra nezn\u00e1 bratra\"}]},{\"@type\":\"WebSite\",\"@id\":\"https:\/\/www.znamkyzkoze.sk\/#website\",\"url\":\"https:\/\/www.znamkyzkoze.sk\/\",\"name\":\"Psie zn\u00e1mky z ko\u017ee\",\"description\":\"psie zn\u00e1mky z pravej ko\u017ee\",\"publisher\":{\"@id\":\"https:\/\/www.znamkyzkoze.sk\/#\/schema\/person\/ee01a72780f67ce76a73f7031d2cb5f9\"},\"potentialAction\":[{\"@type\":\"SearchAction\",\"target\":{\"@type\":\"EntryPoint\",\"urlTemplate\":\"https:\/\/www.znamkyzkoze.sk\/?s={search_term_string}\"},\"query-input\":{\"@type\":\"PropertyValueSpecification\",\"valueRequired\":true,\"valueName\":\"search_term_string\"}}],\"inLanguage\":\"en-GB\"},{\"@type\":[\"Person\",\"Organization\"],\"@id\":\"https:\/\/www.znamkyzkoze.sk\/#\/schema\/person\/ee01a72780f67ce76a73f7031d2cb5f9\",\"name\":\"Ten \u010cierny Pes\",\"image\":{\"@type\":\"ImageObject\",\"inLanguage\":\"en-GB\",\"@id\":\"https:\/\/www.znamkyzkoze.sk\/#\/schema\/person\/image\/\",\"url\":\"https:\/\/www.znamkyzkoze.sk\/wp-content\/uploads\/2022\/02\/logo__pes_znamky.jpg\",\"contentUrl\":\"https:\/\/www.znamkyzkoze.sk\/wp-content\/uploads\/2022\/02\/logo__pes_znamky.jpg\",\"width\":600,\"height\":600,\"caption\":\"Ten \u010cierny Pes\"},\"logo\":{\"@id\":\"https:\/\/www.znamkyzkoze.sk\/#\/schema\/person\/image\/\"},\"description\":\"Som Peter a vyr\u00e1bam kvalitn\u00e9 psie zn\u00e1mky z pravej kravskej hladenice.\",\"sameAs\":[\"https:\/\/www.znamkyzkoze.sk\",\"https:\/\/www.facebook.com\/tenciernypes\/\",\"https:\/\/www.instagram.com\/tenciernypes\/\",\"https:\/\/sk.pinterest.com\/Tenciernypes\/\"],\"url\":\"https:\/\/www.znamkyzkoze.sk\/en\/author\/kralpetergmail-com\/\"}]}<\/script>\n<!-- \/ Yoast SEO plugin. -->","yoast_head_json":{"title":"Psie zn\u00e1mky z ko\u017ee-Tatra nezn\u00e1 bratra","robots":{"index":"index","follow":"follow","max-snippet":"max-snippet:-1","max-image-preview":"max-image-preview:large","max-video-preview":"max-video-preview:-1"},"canonical":"https:\/\/www.znamkyzkoze.sk\/en\/tatra-nezna-bratra\/","og_locale":"en_GB","og_type":"article","og_title":"Psie zn\u00e1mky z ko\u017ee-Tatra nezn\u00e1 bratra","og_description":"Toto je u\u017e vrchol. V\u00f4bec sa mi to nep\u00e1\u010di. Neolizujju je sotva vy\u0161\u0161ia ako k\u00fdbel a u\u017e v\u0161etk\u00fdch komanduje ako mar\u0161\u00e1l \u017dukov pri Stalingrade. A nepotrebuje k tomu ani ovl\u00e1da\u0165 \u013eudsk\u00fa re\u010d. Sta\u010d\u00ed jej natiahnu\u0165 ruku a urobi\u0165 &#8222;\u00e9\u00e9\u00e9\u00e9\u00e9\u00e9\u00e9\u00e9\u00e9&#8220; a m\u00e1 \u010do chce.&nbsp; Ke\u010f to nezaberie urob\u00ed &#8222;\u00ed\u00ed\u00ed\u00ed\u00ed\u00ed\u00ed\u00ed&#8220; a t\u00ed dvaja u\u017e kmitaj\u00fa. Mne by [&hellip;] More","og_url":"https:\/\/www.znamkyzkoze.sk\/en\/tatra-nezna-bratra\/","og_site_name":"Psie zn\u00e1mky z ko\u017ee","article_publisher":"https:\/\/www.facebook.com\/tenciernypes\/","article_author":"https:\/\/www.facebook.com\/tenciernypes\/","article_published_time":"2018-06-28T22:13:59+00:00","article_modified_time":"2022-01-19T22:10:38+00:00","og_image":[{"width":2560,"height":1922,"url":"https:\/\/www.znamkyzkoze.sk\/wp-content\/uploads\/2018\/06\/P1110650-scaled-1.jpg","type":"image\/jpeg"}],"author":"Ten \u010cierny Pes","twitter_card":"summary_large_image","twitter_misc":{"Written by":"Ten \u010cierny Pes","Estimated reading time":"1 minute"},"schema":{"@context":"https:\/\/schema.org","@graph":[{"@type":"Article","@id":"https:\/\/www.znamkyzkoze.sk\/tatra-nezna-bratra\/#article","isPartOf":{"@id":"https:\/\/www.znamkyzkoze.sk\/tatra-nezna-bratra\/"},"author":{"name":"Ten \u010cierny Pes","@id":"https:\/\/www.znamkyzkoze.sk\/#\/schema\/person\/ee01a72780f67ce76a73f7031d2cb5f9"},"headline":"Tatra nezn\u00e1 bratra","datePublished":"2018-06-28T22:13:59+00:00","dateModified":"2022-01-19T22:10:38+00:00","mainEntityOfPage":{"@id":"https:\/\/www.znamkyzkoze.sk\/tatra-nezna-bratra\/"},"wordCount":272,"publisher":{"@id":"https:\/\/www.znamkyzkoze.sk\/#\/schema\/person\/ee01a72780f67ce76a73f7031d2cb5f9"},"image":{"@id":"https:\/\/www.znamkyzkoze.sk\/tatra-nezna-bratra\/#primaryimage"},"thumbnailUrl":"https:\/\/www.znamkyzkoze.sk\/wp-content\/uploads\/2018\/06\/P1110650-scaled-1.jpg","keywords":["Tatra"],"articleSection":["Blog"],"inLanguage":"en-GB"},{"@type":"WebPage","@id":"https:\/\/www.znamkyzkoze.sk\/tatra-nezna-bratra\/","url":"https:\/\/www.znamkyzkoze.sk\/tatra-nezna-bratra\/","name":"Psie zn\u00e1mky z ko\u017ee-Tatra nezn\u00e1 bratra","isPartOf":{"@id":"https:\/\/www.znamkyzkoze.sk\/#website"},"primaryImageOfPage":{"@id":"https:\/\/www.znamkyzkoze.sk\/tatra-nezna-bratra\/#primaryimage"},"image":{"@id":"https:\/\/www.znamkyzkoze.sk\/tatra-nezna-bratra\/#primaryimage"},"thumbnailUrl":"https:\/\/www.znamkyzkoze.sk\/wp-content\/uploads\/2018\/06\/P1110650-scaled-1.jpg","datePublished":"2018-06-28T22:13:59+00:00","dateModified":"2022-01-19T22:10:38+00:00","breadcrumb":{"@id":"https:\/\/www.znamkyzkoze.sk\/tatra-nezna-bratra\/#breadcrumb"},"inLanguage":"en-GB","potentialAction":[{"@type":"ReadAction","target":["https:\/\/www.znamkyzkoze.sk\/tatra-nezna-bratra\/"]}]},{"@type":"ImageObject","inLanguage":"en-GB","@id":"https:\/\/www.znamkyzkoze.sk\/tatra-nezna-bratra\/#primaryimage","url":"https:\/\/www.znamkyzkoze.sk\/wp-content\/uploads\/2018\/06\/P1110650-scaled-1.jpg","contentUrl":"https:\/\/www.znamkyzkoze.sk\/wp-content\/uploads\/2018\/06\/P1110650-scaled-1.jpg","width":2560,"height":1922,"caption":"tatrovka"},{"@type":"BreadcrumbList","@id":"https:\/\/www.znamkyzkoze.sk\/tatra-nezna-bratra\/#breadcrumb","itemListElement":[{"@type":"ListItem","position":1,"name":"Domovsk\u00e1 str\u00e1nka","item":"https:\/\/www.znamkyzkoze.sk\/"},{"@type":"ListItem","position":2,"name":"Tatra nezn\u00e1 bratra"}]},{"@type":"WebSite","@id":"https:\/\/www.znamkyzkoze.sk\/#website","url":"https:\/\/www.znamkyzkoze.sk\/","name":"Psie zn\u00e1mky z ko\u017ee","description":"psie zn\u00e1mky z pravej ko\u017ee","publisher":{"@id":"https:\/\/www.znamkyzkoze.sk\/#\/schema\/person\/ee01a72780f67ce76a73f7031d2cb5f9"},"potentialAction":[{"@type":"SearchAction","target":{"@type":"EntryPoint","urlTemplate":"https:\/\/www.znamkyzkoze.sk\/?s={search_term_string}"},"query-input":{"@type":"PropertyValueSpecification","valueRequired":true,"valueName":"search_term_string"}}],"inLanguage":"en-GB"},{"@type":["Person","Organization"],"@id":"https:\/\/www.znamkyzkoze.sk\/#\/schema\/person\/ee01a72780f67ce76a73f7031d2cb5f9","name":"Ten \u010cierny Pes","image":{"@type":"ImageObject","inLanguage":"en-GB","@id":"https:\/\/www.znamkyzkoze.sk\/#\/schema\/person\/image\/","url":"https:\/\/www.znamkyzkoze.sk\/wp-content\/uploads\/2022\/02\/logo__pes_znamky.jpg","contentUrl":"https:\/\/www.znamkyzkoze.sk\/wp-content\/uploads\/2022\/02\/logo__pes_znamky.jpg","width":600,"height":600,"caption":"Ten \u010cierny Pes"},"logo":{"@id":"https:\/\/www.znamkyzkoze.sk\/#\/schema\/person\/image\/"},"description":"Som Peter a vyr\u00e1bam kvalitn\u00e9 psie zn\u00e1mky z pravej kravskej hladenice.","sameAs":["https:\/\/www.znamkyzkoze.sk","https:\/\/www.facebook.com\/tenciernypes\/","https:\/\/www.instagram.com\/tenciernypes\/","https:\/\/sk.pinterest.com\/Tenciernypes\/"],"url":"https:\/\/www.znamkyzkoze.sk\/en\/author\/kralpetergmail-com\/"}]}},"jetpack_featured_media_url":"https:\/\/www.znamkyzkoze.sk\/wp-content\/uploads\/2018\/06\/P1110650-scaled-1.jpg","wps_subtitle":"","jetpack_sharing_enabled":true,"_links":{"self":[{"href":"https:\/\/www.znamkyzkoze.sk\/en\/wp-json\/wp\/v2\/posts\/2743","targetHints":{"allow":["GET"]}}],"collection":[{"href":"https:\/\/www.znamkyzkoze.sk\/en\/wp-json\/wp\/v2\/posts"}],"about":[{"href":"https:\/\/www.znamkyzkoze.sk\/en\/wp-json\/wp\/v2\/types\/post"}],"author":[{"embeddable":true,"href":"https:\/\/www.znamkyzkoze.sk\/en\/wp-json\/wp\/v2\/users\/1"}],"replies":[{"embeddable":true,"href":"https:\/\/www.znamkyzkoze.sk\/en\/wp-json\/wp\/v2\/comments?post=2743"}],"version-history":[{"count":1,"href":"https:\/\/www.znamkyzkoze.sk\/en\/wp-json\/wp\/v2\/posts\/2743\/revisions"}],"predecessor-version":[{"id":3500,"href":"https:\/\/www.znamkyzkoze.sk\/en\/wp-json\/wp\/v2\/posts\/2743\/revisions\/3500"}],"wp:featuredmedia":[{"embeddable":true,"href":"https:\/\/www.znamkyzkoze.sk\/en\/wp-json\/wp\/v2\/media\/2744"}],"wp:attachment":[{"href":"https:\/\/www.znamkyzkoze.sk\/en\/wp-json\/wp\/v2\/media?parent=2743"}],"wp:term":[{"taxonomy":"category","embeddable":true,"href":"https:\/\/www.znamkyzkoze.sk\/en\/wp-json\/wp\/v2\/categories?post=2743"},{"taxonomy":"post_tag","embeddable":true,"href":"https:\/\/www.znamkyzkoze.sk\/en\/wp-json\/wp\/v2\/tags?post=2743"},{"taxonomy":"reaction","embeddable":true,"href":"https:\/\/www.znamkyzkoze.sk\/en\/wp-json\/wp\/v2\/reaction?post=2743"},{"taxonomy":"adace-sponsor","embeddable":true,"href":"https:\/\/www.znamkyzkoze.sk\/en\/wp-json\/wp\/v2\/adace-sponsor?post=2743"}],"curies":[{"name":"wp","href":"https:\/\/api.w.org\/{rel}","templated":true}]}}